{"id":2174,"date":"2024-05-02T08:53:25","date_gmt":"2024-05-02T08:53:25","guid":{"rendered":"https:\/\/congreso.us.es\/movenet\/?p=2174"},"modified":"2024-05-06T14:33:38","modified_gmt":"2024-05-06T14:33:38","slug":"programa-v-congreso-internacional-move-net","status":"publish","type":"post","link":"https:\/\/congreso.us.es\/movenet\/2024\/05\/02\/programa-v-congreso-internacional-move-net\/","title":{"rendered":"PROGRAMA: V Congreso Internacional Move.net"},"content":{"rendered":"<p>Ya est\u00e1 disponible el programa del V Congreso Internacional Move.net sobre Movimientos Sociales y TIC que tendr\u00e1 lugar el 15, 16 y 17 de mayo en la Sala de Juntas de la Facultad de Comunicaci\u00f3n de la Universidad de Sevilla.<\/p>\n<p><!--more--><\/p>\n<p><strong><a href=\"https:\/\/congreso.us.es\/movenet\/programa-5movenet\/\">VER PROGRAMA<\/a><\/strong><\/p>\n","protected":false},"excerpt":{"rendered":"<div class=\"slide-text-bg2\"><span>Ya est\u00e1 disponible el programa del V Congreso Internacional Move.net sobre Movimientos Sociales y TIC que tendr\u00e1 lugar el 15, 16 y 17 de mayo en la Sala <\/span><\/div>\n<div class=\"slide-btn-area-sm\"><a href=\"https:\/\/congreso.us.es\/movenet\/2024\/05\/02\/programa-v-congreso-internacional-move-net\/\" class=\"slide-btn-sm\">Leer m\u00e1s<\/a><\/div>\n","protected":false},"author":1,"featured_media":2184,"comment_status":"closed","ping_status":"closed","sticky":false,"template":"","format":"standard","meta":[],"categories":[17],"tags":[],"_links":{"self":[{"href":"https:\/\/congreso.us.es\/movenet\/wp-json\/wp\/v2\/posts\/2174"}],"collection":[{"href":"https:\/\/congreso.us.es\/movenet\/wp-json\/wp\/v2\/posts"}],"about":[{"href":"https:\/\/congreso.us.es\/movenet\/wp-json\/wp\/v2\/types\/post"}],"author":[{"embeddable":true,"href":"https:\/\/congreso.us.es\/movenet\/wp-json\/wp\/v2\/users\/1"}],"replies":[{"embeddable":true,"href":"https:\/\/congreso.us.es\/movenet\/wp-json\/wp\/v2\/comments?post=2174"}],"version-history":[{"count":5,"href":"https:\/\/congreso.us.es\/movenet\/wp-json\/wp\/v2\/posts\/2174\/revisions"}],"predecessor-version":[{"id":2190,"href":"https:\/\/congreso.us.es\/movenet\/wp-json\/wp\/v2\/posts\/2174\/revisions\/2190"}],"wp:featuredmedia":[{"embeddable":true,"href":"https:\/\/congreso.us.es\/movenet\/wp-json\/wp\/v2\/media\/2184"}],"wp:attachment":[{"href":"https:\/\/congreso.us.es\/movenet\/wp-json\/wp\/v2\/media?parent=2174"}],"wp:term":[{"taxonomy":"category","embeddable":true,"href":"https:\/\/congreso.us.es\/movenet\/wp-json\/wp\/v2\/categories?post=2174"},{"taxonomy":"post_tag","embeddable":true,"href":"https:\/\/congreso.us.es\/movenet\/wp-json\/wp\/v2\/tags?post=2174"}],"curies":[{"name":"wp","href":"https:\/\/api.w.org\/{rel}","templated":true}]}}