{"id":654,"date":"2017-06-15T08:35:20","date_gmt":"2017-06-15T08:35:20","guid":{"rendered":"http:\/\/congreso-move.net\/?p=654"},"modified":"2017-06-15T08:35:20","modified_gmt":"2017-06-15T08:35:20","slug":"ii-movenet-conference-deadline-for-complete-papers-extended-to-sept-15th-confirmed-speakers","status":"publish","type":"post","link":"https:\/\/congreso.us.es\/movenet\/2017\/06\/15\/ii-movenet-conference-deadline-for-complete-papers-extended-to-sept-15th-confirmed-speakers\/","title":{"rendered":"II MOVENET Conference: Deadline for complete papers extended to Sept. 15th &#8211; Confirmed speakers"},"content":{"rendered":"<p class=\"western\"><strong><span lang=\"en-US\" style=\"color:#000000;\">We would like to inform you that the deadline for the submission of complete papers to<\/span><\/strong> <strong><span style=\"color:#ff0000;\"><span lang=\"en-US\"><span style=\"color:#000000;\">II International Conference Move.net has been<\/span> EXTENDED TO SEPT. 15th<\/span><\/span><\/strong><span lang=\"en-US\"><strong><span style=\"color:#ff0000;\">.<\/span> <\/strong>The event will take place at the Faculty of Communication of the University of Seville (Spain) on <\/span><span style=\"color:#333333;\"><strong><span lang=\"en-US\">October 25th, 26th and 27th<\/span><span lang=\"en-US\">.<\/span><\/strong><\/span><\/p>\n<p>(<a href=\"http:\/\/congreso-move.net\/2017\/06\/15\/congreso-movenet-2\/\">leer en espa\u00f1ol<\/a>)<\/p>\n<p><!--more--><\/p>\n<p class=\"western\" lang=\"en-US\">Very soon, the Scientific Committee will inform authors who submitted their papers before June, 15th of the decision whether to accept or reject their contributions, so that they can register and organize travel arrangements. Papers received from June 15th onwards (and before September 15th) will be assessed in a <strong>maximum period of five days.<\/strong> After that, authors will be informed of the decision immediately.<\/p>\n<p class=\"western\" lang=\"en-US\">We would like to remind you that you can access the Call for Papers, along with style guidelines and topic axes at:<\/p>\n<p class=\"western\" style=\"padding-left:30px;\"><strong><span style=\"color:#ba0d0d;\">Call4Papers<\/span><\/strong> [<span style=\"color:#000080;\"><span lang=\"zxx\"><u><a class=\"western\" href=\"http:\/\/congreso-move.net\/c4p-2017-es\/\">Espa\u00f1ol<\/a><\/u><\/span><\/span>] [<span style=\"color:#000080;\"><span lang=\"zxx\"><u><a class=\"western\" href=\"http:\/\/congreso-move.net\/c4p-2017-en\">English<\/a><\/u><\/span><\/span>]<\/p>\n<p class=\"western\" style=\"padding-left:30px;\"><strong><span style=\"color:#ba0d0d;\">Ejes Tem\u00e1ticos<\/span><\/strong> [<span style=\"color:#000080;\"><span lang=\"zxx\"><u><a class=\"western\" href=\"https:\/\/congreso-move.net\/ejes-tematicos\/\">Espa\u00f1ol<\/a><\/u><\/span><\/span>] [<span style=\"color:#000080;\"><span lang=\"zxx\"><u><a class=\"western\" href=\"https:\/\/congreso-move.net\/topic-axes\/\">English<\/a><\/u><\/span><\/span>]<\/p>\n<p class=\"western\" lang=\"en-US\">On the other hand, we are pleased to announce the list of confirmed speakers for the 2nd edition of Move.net which will bring together activists, scholars, lawyers and artists linked to digital culture and social mobilization. This list will be updated and extended regularly. So far the list of confirmed speakers reads as follows:<\/p>\n<p class=\"western\"><span style=\"color:#ff0000;\"><span lang=\"en-US\"><b>Juan Luis S\u00e1nchez<\/b><\/span><\/span><span lang=\"en-US\"><b> (Journalist, eldiario.es)<br \/>\n<\/b><\/span><span lang=\"en-US\">@juanlusanchez \/ <\/span><span style=\"color:#000080;\"><span lang=\"zxx\"><u><a class=\"western\" href=\"http:\/\/www.juanlusanchez.com\/\"><span lang=\"en-US\">http:\/\/www.juanlusanchez.com<\/span><\/a><\/u><\/span><\/span><\/p>\n<p class=\"western\" lang=\"en-US\">Deputy Director \u00abeldiario.es\u00bb. Journalist and specialist in digital content and new media.<\/p>\n<p class=\"western\"><span style=\"color:#ff0000;\"><b>Javier de la Cueva<\/b><\/span><b> (Lawyer, Free Licensing)<\/b><\/p>\n<p class=\"western\">@jdelacueva \/ <span style=\"color:#000080;\"><span lang=\"zxx\"><u><a class=\"western\" href=\"http:\/\/javierdelacueva.es\/\"><span lang=\"es-ES\">http:\/\/javierdelacueva.es<\/span><\/a><\/u><\/span><\/span><\/p>\n<p class=\"western\"><span lang=\"en-US\">Renowned lawyer and University lecturer at Universidad Europea de Madrid. <\/span>Author of <i>Manual del ciberactivista<\/i> (2015)<\/p>\n<p>&nbsp;<\/p>\n<p class=\"western\"><strong><span style=\"color:#ff0000;\">Rub\u00e9n S\u00e1nchez<\/span> (Facua)<\/strong><br \/>\n@RubenSanchezTW \/ <a href=\"http:\/\/rubensanchez.tw\/\">http:\/\/rubensanchez.tw\/<\/a><\/p>\n<p class=\"western\">Spokesman for the consumer organization Fac\u00faa-Consumidores en Acci\u00f3n. Author of Timocracy (2017).<\/p>\n<p>&nbsp;<\/p>\n<pre class=\"western\"><\/pre>\n<p class=\"western\"><span style=\"color:#ff0000;\"><b>Carlos S\u00e1nchez Almeida<\/b><\/span><b> (Lawyer, Fronteras Electr\u00f3nicas)<\/b><\/p>\n<p class=\"western\">@bufetalmeida \/ <span style=\"color:#000080;\"><span lang=\"zxx\"><u><a class=\"western\" href=\"http:\/\/www.bufetalmeida.com\/\"><span lang=\"es-ES\">http:\/\/www.bufetalmeida.com<\/span><\/a><\/u><\/span><\/span><\/p>\n<p class=\"western\" lang=\"en-US\">Lawyer at Fronteras Electr\u00f3nicas, organization defending civil rights on the Internet.<\/p>\n<p class=\"western\"><span style=\"color:#ff0000;\"><span lang=\"en-US\"><b>Stephane Grueso<\/b><\/span><\/span><span lang=\"en-US\"><b> (Journalist and Videoactivist, 15M.cc, Bookcamping)<\/b><\/span><\/p>\n<p class=\"western\"><span lang=\"en-US\">@fanetin \/ <\/span><span style=\"color:#000080;\"><span lang=\"zxx\"><u><a class=\"western\" href=\"https:\/\/www.linkedin.com\/in\/stephanegrueso\"><span lang=\"en-US\">https:\/\/www.linkedin.com\/in\/stephanegrueso<\/span><\/a><\/u><\/span><\/span><\/p>\n<p class=\"western\" lang=\"en-US\">Former journalist at TVE. Film director at Elegant Mob Films. Founder of projects 15M.cc and Bookcamping.<\/p>\n<p>&nbsp;<\/p>\n<p class=\"western\"><span style=\"color:#ff0000;\"><b>Amador Fern\u00e1ndez-Savater<\/b><\/span><b> (Editor, Acuarela Libros)<\/b><\/p>\n<p class=\"western\"><span style=\"color:#000080;\"><span lang=\"zxx\"><u><a class=\"western\" href=\"http:\/\/acuarelalibros.blogspot.com.es\/\"><span lang=\"en-US\">http:\/\/acuarelalibros.blogspot.com.es<\/span><\/a><\/u><\/span><\/span><\/p>\n<p class=\"western\" lang=\"en-US\">Editor of Creative Commons content at Acuarela Libros. Contributor to \u00abeldiario.es\u00bb through the section \u201cInterferencias\u201d and to P\u00fablico (\u201cFuera de Lugar\u201d)<\/p>\n<p class=\"western\"><span style=\"color:#ff0000;\"><span lang=\"en-US\"><b>Stefania Milan<\/b><\/span><\/span><span lang=\"en-US\"><b> (University of Amsterdam)<\/b><\/span><\/p>\n<p class=\"western\"><span lang=\"en-US\">@annliffey \/ <\/span><span style=\"color:#000080;\"><span lang=\"zxx\"><u><a class=\"western\" href=\"https:\/\/stefaniamilan.net\/\"><span lang=\"en-US\">https:\/\/stefaniamilan.net<\/span><\/a><\/u><\/span><\/span><\/p>\n<p class=\"western\"><span lang=\"en-US\">Teaher of New Media and Digital Culture at Amsterdam University. Main researcher at DATACTIVE, funded by the European Research Council. Author of <\/span><span lang=\"en-US\"><i>Social Movements and Their Technologies: Wiring Social Change<\/i><\/span><span lang=\"en-US\"> (2013)<\/span><\/p>\n<p>&nbsp;<\/p>\n<p class=\"western\"><span style=\"color:#ff0000;\"><b>Igor S\u00e1daba <\/b><\/span><b>(Universidad Complutense de Madrid, Cibersomosaguas)<\/b><\/p>\n<p class=\"western\">@igorsadaba \/ <span style=\"color:#000080;\"><span lang=\"zxx\"><u><a class=\"western\" href=\"https:\/\/ucm.academia.edu\/IgorSadaba\"><span lang=\"es-ES\">https:\/\/ucm.academia.edu\/IgorSadaba<\/span><\/a><\/u><\/span><\/span><\/p>\n<p class=\"western\"><span lang=\"en-US\">Lecturer at the Department of Sociolog\u00eda IV de la UCM Author of <\/span><span lang=\"en-US\"><i>Propiedad Intelectual<\/i><\/span><span lang=\"en-US\"> (2008) and <\/span><span lang=\"en-US\"><i>Cyborg<\/i><\/span><span lang=\"en-US\"> (2009).<\/span><\/p>\n<p>&nbsp;<\/p>\n<p class=\"western\"><span style=\"color:#ff0000;\"><b>C\u00e9sar Rendueles<\/b><\/span><b> (Universidad Complutense de Madrid, Cibersomosaguas)<\/b><\/p>\n<p class=\"western\"><span lang=\"en-US\">@crendueles \/ <\/span><span style=\"color:#000080;\"><span lang=\"zxx\"><u><a class=\"western\" href=\"https:\/\/espejismosdigitales.wordpress.com\/\"><span lang=\"en-US\">https:\/\/espejismosdigitales.wordpress.com<\/span><\/a><\/u><\/span><\/span><\/p>\n<p class=\"western\"><span lang=\"en-US\">Lecturer at the Department of Sociolog\u00eda V at the Universidad Complutense in Madrid. <\/span>Author of <i>Sociofobia. El cambio pol\u00edtico en la era de la utop\u00eda digital<\/i> (2013)<\/p>\n<p>&nbsp;<\/p>\n<p class=\"western\"><span style=\"color:#ff0000;\"><b>Joan Subirats<\/b><\/span><b> (Universidad Aut\u00f3noma de Barcelona, IGOP)<\/b><\/p>\n<p class=\"western\">@subirats9 \/ <span style=\"color:#000080;\"><span lang=\"zxx\"><u><a class=\"western\" href=\"http:\/\/igop.uab.es\/\"><span lang=\"es-ES\">http:\/\/igop.uab.es<\/span><\/a><\/u><\/span><\/span><\/p>\n<p class=\"western\">Professor in Politial Science Founder and Director at the Instituto de Gobierno y Pol\u00edticas P\u00fablicas (IGOP) at Universidad Aut\u00f3noma in Barcelona.<\/p>\n<p>&nbsp;<\/p>\n<p class=\"western\"><span style=\"color:#ff0000;\"><b>Francisco Jurado <\/b><\/span><b>(Universidad Aut\u00f3noma de Barcelona, IGOP)<\/b><\/p>\n<p class=\"western\">@SuNotissima \/ <span style=\"color:#000080;\"><span lang=\"zxx\"><u><a class=\"western\" href=\"https:\/\/senti2comunes.wordpress.com\/\"><span lang=\"es-ES\">https:\/\/senti2comunes.wordpress.com<\/span><\/a><\/u><\/span><\/span><\/p>\n<p class=\"western\">Lawyer and researcher at the Instituto de Gobierno y Pol\u00edticas P\u00fablicas (IGOP). Activist at Democracia Real Ya, #OpEuribor y Democracia 4.0. Author of <i>Nueva Gram\u00e1tica Pol\u00edtica<\/i> (Icaria, 2014).<\/p>\n<p>&nbsp;<\/p>\n<p class=\"western\"><span style=\"color:#ff0000;\"><b>Alejandro Barranquero<\/b><\/span><b> (Universidad Carlos III de Madrid, RICCAP)<\/b><\/p>\n<p class=\"western\">@RICCAP_org \/ <span style=\"color:#000080;\"><span lang=\"zxx\"><u><a class=\"western\" href=\"http:\/\/www.riccap.org\/es\"><span lang=\"es-ES\">http:\/\/www.riccap.org\/es<\/span><\/a><\/u><\/span><\/span><\/p>\n<p class=\"western\"><span lang=\"en-US\">Lecturer at the Department of Journalism and Audiovisual Communication at Universidad Carlos III in Madrid. <\/span>Founder of the Red de Investigaci\u00f3n en Comunicaci\u00f3n Comunitaria, Alternativa y Participativa (RICCAP).<\/p>\n<p>&nbsp;<\/p>\n<p class=\"western\"><span style=\"color:#ff0000;\"><b>Francisco Sierra Caballero<\/b><\/span><b> (Universidad de Sevilla, COMPOL\u00cdTICAS)<\/b><\/p>\n<p class=\"western\"><span lang=\"en-US\">@fsierracb \/ <\/span><span style=\"color:#000080;\"><span lang=\"zxx\"><u><a class=\"western\" href=\"http:\/\/www.franciscosierracaballero.com\/\"><span lang=\"en-US\">http:\/\/www.franciscosierracaballero.com<\/span><\/a><\/u><\/span><\/span><\/p>\n<p class=\"western\"><span lang=\"en-US\">Professor of Communication Theory at the University of Seville. Director of the Journalism I department at the University of Seville. <\/span>Dirctor of Grupo Interdisciplinario de Estudios en Comunicaci\u00f3n, Pol\u00edtica y Cambio Social (COMPOLITICAS). Former director of the Centro Internacional de Estudios Superiores de Comunicaci\u00f3n para Am\u00e9rica Latina (CIESPAL).<\/p>\n<p>&nbsp;<\/p>\n<p class=\"western\"><span style=\"color:#c0504d;\">Rafael Rodr\u00edguez Prieto <\/span><b>(Universidad Pablo de Olavide, LIPPO)<\/b><\/p>\n<p class=\"western\">@rrodrigueprieto \/ <span style=\"color:#000080;\"><span lang=\"zxx\"><u><a class=\"western\" href=\"http:\/\/www.lippo.es\/\"><span lang=\"es-ES\">http:\/\/www.lippo.es<\/span><\/a><\/u><\/span><\/span><\/p>\n<p class=\"western\">Lecturer at Universidad Pablo de Olavide and Deputy Director at the Laboratorio de Ideas y Pr\u00e1cticas Pol\u00edticas (LIPPO), a think tank linked to the 15M movement. <span lang=\"en-US\">Main researcher at a national R+D project on Internet and fundamental rights.<\/span><\/p>\n<p class=\"western\" lang=\"en-US\">&#8212;<\/p>\n<p class=\"western\"><strong><span style=\"color:#ba0d0d;\"><span lang=\"en-US\"> About Move.net<\/span><\/span><\/strong> <span lang=\"en-US\">[<\/span><span style=\"color:#000080;\"><span lang=\"zxx\"><u><a class=\"western\" href=\"https:\/\/congreso-move.net\/presentacion\">Espa\u00f1ol<\/a><\/u><\/span><\/span><span lang=\"en-US\">] [<\/span><span style=\"color:#000080;\"><span lang=\"zxx\"><u><a class=\"western\" href=\"http:\/\/congreso-move.net\/about\/\">English<\/a><\/u><\/span><\/span><span lang=\"en-US\">] [<\/span><span style=\"color:#000080;\"><span lang=\"zxx\"><u><a class=\"western\" href=\"https:\/\/congreso-move.net\/2016\/07\/11\/actas-del-i-congreso-internacional-move-net\/\">Actas I Edici\u00f3n<\/a><\/u><\/span><\/span><span lang=\"en-US\">]<\/span><\/p>\n<p class=\"western\"><strong><span style=\"color:#000000;\"><span lang=\"en-US\">You can also follow and help us promote the conference at:<\/span><\/span><\/strong><\/p>\n<p class=\"western\" style=\"padding-left:30px;\"><strong>Web: <\/strong><span style=\"color:#000080;\"><span lang=\"zxx\"><u><a class=\"western\" href=\"https:\/\/congreso-move.net\/\">www.congreso-move.net<\/a><\/u><\/span><\/span><\/p>\n<p class=\"western\" style=\"padding-left:30px;\"><strong>Twitter: <\/strong><span style=\"color:#000080;\"><span lang=\"zxx\"><u><a class=\"western\" href=\"https:\/\/twitter.com\/CongresoMovenet\">@CongresoMovenet<\/a><\/u><\/span><\/span> Etiqueta: <span style=\"color:#000080;\"><span lang=\"zxx\"><u><a class=\"western\" href=\"https:\/\/twitter.com\/search?q=%23Movenet\">#Movenet<\/a><\/u><\/span><\/span><\/p>\n<p class=\"western\" style=\"padding-left:30px;\"><strong><span lang=\"en-US\">Facebook:<\/span><\/strong> <span style=\"color:#000080;\"><span lang=\"zxx\"><u><a class=\"western\" href=\"http:\/\/www.facebook.com\/CongresoMove.Net\">www.facebook.com\/CongresoMove.Net<\/a><\/u><\/span><\/span><span lang=\"en-US\"> Evento: <\/span><span style=\"color:#000080;\"><span lang=\"zxx\"><u><a class=\"western\" href=\"http:\/\/www.facebook.com\/events\/1940406979527633\">www.facebook.com\/events\/1940406979527633<\/a><\/u><\/span><\/span><\/p>\n<p class=\"western\" style=\"padding-left:30px;\"><strong><span lang=\"en-US\">Youtube:<\/span><\/strong> <span style=\"color:#000080;\"><span lang=\"zxx\"><u><a class=\"western\" href=\"http:\/\/www.youtube.com\/user\/CongresoMovenet\">www.youtube.com\/user\/CongresoMovenet<\/a><\/u><\/span><\/span><\/p>\n<p class=\"western\" style=\"padding-left:30px;\"><strong>Contact:<\/strong> jcandon@us.es<\/p>\n<p class=\"western\">Organization: <span style=\"color:#000080;\"><span lang=\"zxx\"><u><a class=\"western\" href=\"http:\/\/www.compoliticas.org\/\">Grupo Interdisciplinario de Estudios en Comunicaci\u00f3n, Pol\u00edtica y Cambio Social de la Universidad de Sevilla (COMPOLITICAS)<\/a><\/u><\/span><\/span>, <span style=\"color:#000080;\"><span lang=\"zxx\"><u><a class=\"western\" href=\"http:\/\/lippo.es\/\">Laboratorio de Ideas y Pr\u00e1cticas Pol\u00edticas de la Universidad Pablo de Olavide (LIPPO)<\/a><\/u><\/span><\/span> y <span style=\"color:#000080;\"><span lang=\"zxx\"><u><a class=\"western\" href=\"https:\/\/www.tecnopoliticas.org\/\">Red Tecnopol\u00edtica<\/a><\/u><\/span><\/span>.<\/p>\n<p class=\"western\"><span lang=\"en-US\">Coordinators<\/span><span lang=\"en-US\">: Jos\u00e9 Cand\u00f3n Mena and David Montero S\u00e1nchez.<\/span><\/p>\n","protected":false},"excerpt":{"rendered":"<div class=\"slide-text-bg2\"><span>We would like to inform you that the deadline for the submission of complete papers to II International Conference Move.net has been EXTENDED TO SEPT. 15th<\/span><\/div>\n<div class=\"slide-btn-area-sm\"><a href=\"https:\/\/congreso.us.es\/movenet\/2017\/06\/15\/ii-movenet-conference-deadline-for-complete-papers-extended-to-sept-15th-confirmed-speakers\/\" class=\"slide-btn-sm\">Leer m\u00e1s<\/a><\/div>\n","protected":false},"author":1,"featured_media":587,"comment_status":"open","ping_status":"open","sticky":false,"template":"","format":"standard","meta":[],"categories":[2],"tags":[],"_links":{"self":[{"href":"https:\/\/congreso.us.es\/movenet\/wp-json\/wp\/v2\/posts\/654"}],"collection":[{"href":"https:\/\/congreso.us.es\/movenet\/wp-json\/wp\/v2\/posts"}],"about":[{"href":"https:\/\/congreso.us.es\/movenet\/wp-json\/wp\/v2\/types\/post"}],"author":[{"embeddable":true,"href":"https:\/\/congreso.us.es\/movenet\/wp-json\/wp\/v2\/users\/1"}],"replies":[{"embeddable":true,"href":"https:\/\/congreso.us.es\/movenet\/wp-json\/wp\/v2\/comments?post=654"}],"version-history":[{"count":0,"href":"https:\/\/congreso.us.es\/movenet\/wp-json\/wp\/v2\/posts\/654\/revisions"}],"wp:featuredmedia":[{"embeddable":true,"href":"https:\/\/congreso.us.es\/movenet\/wp-json\/wp\/v2\/media\/587"}],"wp:attachment":[{"href":"https:\/\/congreso.us.es\/movenet\/wp-json\/wp\/v2\/media?parent=654"}],"wp:term":[{"taxonomy":"category","embeddable":true,"href":"https:\/\/congreso.us.es\/movenet\/wp-json\/wp\/v2\/categories?post=654"},{"taxonomy":"post_tag","embeddable":true,"href":"https:\/\/congreso.us.es\/movenet\/wp-json\/wp\/v2\/tags?post=654"}],"curies":[{"name":"wp","href":"https:\/\/api.w.org\/{rel}","templated":true}]}}